{"id":556,"date":"2025-03-30T23:26:26","date_gmt":"2025-03-30T23:26:26","guid":{"rendered":"https:\/\/www.kumekimun.cl\/web\/?p=556"},"modified":"2025-03-30T23:26:26","modified_gmt":"2025-03-30T23:26:26","slug":"homenaje-en-brasil-a-nuestra-guacolda-araneda","status":"publish","type":"post","link":"https:\/\/www.kumekimun.cl\/web\/2025\/03\/30\/homenaje-en-brasil-a-nuestra-guacolda-araneda\/","title":{"rendered":"Homenaje en Brasil a Nuestra Guacolda Araneda"},"content":{"rendered":"\n<p>En un acto solemne en Homenaje al Acupunturista, El diputado estatal y la Asociaci\u00f3n SATOSP de Brasil, entregaron un certificado de homenaje a nuestra directora en reconocimiento a los invaluables servicios prestados a la comunidad de terapeutas integrativos y al Estado de S\u00e3o Paulo.<br><br>Este homenaje destaca su dedicaci\u00f3n, competencia y compromiso a lo largo de los a\u00f1os, as\u00ed como sus significativas contribuciones y el impacto generado en beneficio de la sociedad.<\/p>\n\n\n\n<figure class=\"wp-block-embed is-type-video is-provider-youtube wp-block-embed-youtube wp-embed-aspect-16-9 wp-has-aspect-ratio\"><div class=\"wp-block-embed__wrapper\">\n<iframe title=\"Homenagem ao acupunturista, massoterapeuta, quiropraxista, natur\u00f3logo e naturopata - Ato Solene\" width=\"800\" height=\"450\" src=\"https:\/\/www.youtube.com\/embed\/oXVWZZ69FYU?start=2921&#038;feature=oembed\" frameborder=\"0\" allow=\"accelerometer; autoplay; clipboard-write; encrypted-media; gyroscope; picture-in-picture; web-share\" referrerpolicy=\"strict-origin-when-cross-origin\" allowfullscreen><\/iframe>\n<\/div><\/figure>\n\n\n\n<figure class=\"wp-block-image size-large\"><img fetchpriority=\"high\" decoding=\"async\" width=\"1024\" height=\"576\" src=\"https:\/\/www.kumekimun.cl\/web\/wp-content\/uploads\/2025\/03\/Homenaje-Guacolda-en-brasil-1024x576.jpg\" alt=\"\" class=\"wp-image-557\" srcset=\"https:\/\/www.kumekimun.cl\/web\/wp-content\/uploads\/2025\/03\/Homenaje-Guacolda-en-brasil-1024x576.jpg 1024w, https:\/\/www.kumekimun.cl\/web\/wp-content\/uploads\/2025\/03\/Homenaje-Guacolda-en-brasil-300x169.jpg 300w, https:\/\/www.kumekimun.cl\/web\/wp-content\/uploads\/2025\/03\/Homenaje-Guacolda-en-brasil-768x432.jpg 768w, https:\/\/www.kumekimun.cl\/web\/wp-content\/uploads\/2025\/03\/Homenaje-Guacolda-en-brasil-1536x864.jpg 1536w, https:\/\/www.kumekimun.cl\/web\/wp-content\/uploads\/2025\/03\/Homenaje-Guacolda-en-brasil.jpg 1599w\" sizes=\"(max-width: 1024px) 100vw, 1024px\" \/><\/figure>\n\n\n\n<figure class=\"wp-block-image size-large\"><img decoding=\"async\" width=\"1024\" height=\"576\" src=\"https:\/\/www.kumekimun.cl\/web\/wp-content\/uploads\/2025\/03\/Screenshot-2025-03-30-202327-1024x576.png\" alt=\"\" class=\"wp-image-558\" srcset=\"https:\/\/www.kumekimun.cl\/web\/wp-content\/uploads\/2025\/03\/Screenshot-2025-03-30-202327-1024x576.png 1024w, https:\/\/www.kumekimun.cl\/web\/wp-content\/uploads\/2025\/03\/Screenshot-2025-03-30-202327-300x169.png 300w, https:\/\/www.kumekimun.cl\/web\/wp-content\/uploads\/2025\/03\/Screenshot-2025-03-30-202327-768x432.png 768w, https:\/\/www.kumekimun.cl\/web\/wp-content\/uploads\/2025\/03\/Screenshot-2025-03-30-202327-1536x864.png 1536w, https:\/\/www.kumekimun.cl\/web\/wp-content\/uploads\/2025\/03\/Screenshot-2025-03-30-202327.png 1919w\" sizes=\"(max-width: 1024px) 100vw, 1024px\" \/><\/figure>\n\n\n\n<p>\u00a1Un homenaje muy merecido por sus a\u00f1os de trabajo y contribuciones significativas!<\/p>\n\n\n\n<p><\/p>\n","protected":false},"excerpt":{"rendered":"<p>En un acto solemne en Homenaje al Acupunturista, El diputado estatal y la Asociaci\u00f3n SATOSP de Brasil, entregaron un certificado de homenaje a nuestra directora en reconocimiento a los invaluables servicios prestados a la comunidad de terapeutas integrativos y al Estado de S\u00e3o Paulo. Este homenaje destaca su dedicaci\u00f3n, competencia y compromiso a lo largo [&hellip;]<\/p>\n","protected":false},"author":1,"featured_media":0,"comment_status":"open","ping_status":"open","sticky":false,"template":"","format":"standard","meta":{"footnotes":""},"categories":[1],"tags":[],"class_list":["post-556","post","type-post","status-publish","format-standard","hentry","category-sin-categoria"],"_links":{"self":[{"href":"https:\/\/www.kumekimun.cl\/web\/wp-json\/wp\/v2\/posts\/556","targetHints":{"allow":["GET"]}}],"collection":[{"href":"https:\/\/www.kumekimun.cl\/web\/wp-json\/wp\/v2\/posts"}],"about":[{"href":"https:\/\/www.kumekimun.cl\/web\/wp-json\/wp\/v2\/types\/post"}],"author":[{"embeddable":true,"href":"https:\/\/www.kumekimun.cl\/web\/wp-json\/wp\/v2\/users\/1"}],"replies":[{"embeddable":true,"href":"https:\/\/www.kumekimun.cl\/web\/wp-json\/wp\/v2\/comments?post=556"}],"version-history":[{"count":1,"href":"https:\/\/www.kumekimun.cl\/web\/wp-json\/wp\/v2\/posts\/556\/revisions"}],"predecessor-version":[{"id":559,"href":"https:\/\/www.kumekimun.cl\/web\/wp-json\/wp\/v2\/posts\/556\/revisions\/559"}],"wp:attachment":[{"href":"https:\/\/www.kumekimun.cl\/web\/wp-json\/wp\/v2\/media?parent=556"}],"wp:term":[{"taxonomy":"category","embeddable":true,"href":"https:\/\/www.kumekimun.cl\/web\/wp-json\/wp\/v2\/categories?post=556"},{"taxonomy":"post_tag","embeddable":true,"href":"https:\/\/www.kumekimun.cl\/web\/wp-json\/wp\/v2\/tags?post=556"}],"curies":[{"name":"wp","href":"https:\/\/api.w.org\/{rel}","templated":true}]}}